{"id":614,"date":"2021-01-08T19:14:51","date_gmt":"2021-01-08T18:14:51","guid":{"rendered":"https:\/\/dario-balekic.com\/?p=614"},"modified":"2021-01-09T17:29:06","modified_gmt":"2021-01-09T16:29:06","slug":"premijera-spota-cotyda-ft-branko-ilakovac-mogli-smo-sve","status":"publish","type":"post","link":"https:\/\/dario-balekic.com\/index.php\/2021\/01\/08\/premijera-spota-cotyda-ft-branko-ilakovac-mogli-smo-sve\/","title":{"rendered":"Premijera spota Cotyda ft. Branko Ilakovac &#8211; Mogli smo sve"},"content":{"rendered":"\n<p>Ve\u010deras 08.01.2021. premijerno je prikazan spot na CMC tv kanalu i na YouTube kanalu Croatia Records-a.  Izvo\u0111enje pjesme &#8220;Mogli smo sve&#8221; iznjedrila je suradnju izme\u0111u benda Cotyda i frontmena Slavonia benda Branka Ilakovca. <\/p>\n\n\n\n<figure class=\"wp-block-embed is-type-video is-provider-youtube wp-block-embed-youtube wp-embed-aspect-16-9 wp-has-aspect-ratio\"><div class=\"wp-block-embed__wrapper\">\n<iframe loading=\"lazy\" title=\"Cotyda ft. Branko Ilakovac - Mogli smo sve (Official video)\" width=\"1080\" height=\"608\" src=\"https:\/\/www.youtube.com\/embed\/0CwXWwppX8I?feature=oembed\" frameborder=\"0\" allow=\"accelerometer; autoplay; clipboard-write; encrypted-media; gyroscope; picture-in-picture\" allowfullscreen><\/iframe>\n<\/div><\/figure>\n\n\n\n<p><br>Glazba: Dario Baleki\u0107 <br>Tekst: Suzana \u0160imunovi\u0107 <br>Aran\u017eman: Dario Baleki\u0107 <br><br>Prate\u0107i vokali: Art voice (Ela, Mirna i Mia Molnar) i Dalibor Zavo\u0111a<br>Solo gitara: Dario Baleki\u0107 <br>Ak. gitara: Marko Vui\u0107 <br>Bas gitara: Darko Breulj <br>Klavijature: Tomislav Ljepoti\u0107 <br>Bubnjevi: Ivan Ljepoti\u0107 Saxofon: Marko Rusnov <br>Audio produkcija: Tihomir Ivaneti\u0107 &#8211; Rockoko studio &#8211; Strizivojna <br>Mastering: Goran Martinac &#8211; Croatia Records Studio <br>Video produkcija: Luka Vidovi\u0107 <br>Akteri spota: Branko Ilakovac, Ana Ilakovac, Karlo Mesi\u0107, Suzana \u0160imunovi\u0107, Darko Breulj, Ivan Ljepoti\u0107 i Dario Baleki\u0107<\/p>\n\n\n\n<figure class=\"wp-block-image size-large\"><img loading=\"lazy\" width=\"1024\" height=\"511\" src=\"https:\/\/dario-balekic.com\/wp-content\/uploads\/2021\/01\/cotyda-1024x511.jpg\" alt=\"\" class=\"wp-image-616\" srcset=\"https:\/\/dario-balekic.com\/wp-content\/uploads\/2021\/01\/cotyda-980x489.jpg 980w, https:\/\/dario-balekic.com\/wp-content\/uploads\/2021\/01\/cotyda-480x240.jpg 480w\" sizes=\"(min-width: 0px) and (max-width: 480px) 480px, (min-width: 481px) and (max-width: 980px) 980px, (min-width: 981px) 1024px, 100vw\" \/><\/figure>\n\n\n\n<figure class=\"wp-block-image size-large\"><img loading=\"lazy\" width=\"1024\" height=\"507\" src=\"https:\/\/dario-balekic.com\/wp-content\/uploads\/2021\/01\/suzana-1024x507.jpg\" alt=\"\" class=\"wp-image-617\" srcset=\"https:\/\/dario-balekic.com\/wp-content\/uploads\/2021\/01\/suzana-980x485.jpg 980w, https:\/\/dario-balekic.com\/wp-content\/uploads\/2021\/01\/suzana-480x238.jpg 480w\" sizes=\"(min-width: 0px) and (max-width: 480px) 480px, (min-width: 481px) and (max-width: 980px) 980px, (min-width: 981px) 1024px, 100vw\" \/><\/figure>\n\n\n\n<figure class=\"wp-block-image size-large\"><img loading=\"lazy\" width=\"1024\" height=\"508\" src=\"https:\/\/dario-balekic.com\/wp-content\/uploads\/2021\/01\/branko-1024x508.jpg\" alt=\"\" class=\"wp-image-618\" srcset=\"https:\/\/dario-balekic.com\/wp-content\/uploads\/2021\/01\/branko-980x486.jpg 980w, https:\/\/dario-balekic.com\/wp-content\/uploads\/2021\/01\/branko-480x238.jpg 480w\" sizes=\"(min-width: 0px) and (max-width: 480px) 480px, (min-width: 481px) and (max-width: 980px) 980px, (min-width: 981px) 1024px, 100vw\" \/><\/figure>\n\n\n\n<p><\/p>\n","protected":false},"excerpt":{"rendered":"<p>Ve\u010deras 08.01.2021. premijerno je prikazan spot na CMC tv kanalu i na YouTube kanalu Croatia Records-a. Izvo\u0111enje pjesme &#8220;Mogli smo sve&#8221; iznjedrila je suradnju izme\u0111u benda Cotyda i frontmena Slavonia benda Branka Ilakovca. Glazba: Dario Baleki\u0107 Tekst: Suzana \u0160imunovi\u0107 Aran\u017eman: Dario Baleki\u0107 Prate\u0107i vokali: Art voice (Ela, Mirna i Mia Molnar) i Dalibor Zavo\u0111aSolo gitara: [&hellip;]<\/p>\n","protected":false},"author":1,"featured_media":615,"comment_status":"open","ping_status":"open","sticky":false,"template":"","format":"standard","meta":{"_et_pb_use_builder":"off","_et_pb_old_content":"","_et_gb_content_width":""},"categories":[6],"tags":[],"yoast_head":"<!-- This site is optimized with the Yoast SEO plugin v17.9 - https:\/\/yoast.com\/wordpress\/plugins\/seo\/ -->\n<title>Premijera spota Cotyda ft. Branko Ilakovac - Mogli smo sve - Dario Baleki\u0107<\/title>\n<meta name=\"robots\" content=\"index, follow, max-snippet:-1, max-image-preview:large, max-video-preview:-1\" \/>\n<link rel=\"canonical\" href=\"https:\/\/dario-balekic.com\/index.php\/2021\/01\/08\/premijera-spota-cotyda-ft-branko-ilakovac-mogli-smo-sve\/\" \/>\n<meta property=\"og:locale\" content=\"hr_HR\" \/>\n<meta property=\"og:type\" content=\"article\" \/>\n<meta property=\"og:title\" content=\"Premijera spota Cotyda ft. Branko Ilakovac - Mogli smo sve - Dario Baleki\u0107\" \/>\n<meta property=\"og:description\" content=\"Ve\u010deras 08.01.2021. premijerno je prikazan spot na CMC tv kanalu i na YouTube kanalu Croatia Records-a. Izvo\u0111enje pjesme &#8220;Mogli smo sve&#8221; iznjedrila je suradnju izme\u0111u benda Cotyda i frontmena Slavonia benda Branka Ilakovca. Glazba: Dario Baleki\u0107 Tekst: Suzana \u0160imunovi\u0107 Aran\u017eman: Dario Baleki\u0107 Prate\u0107i vokali: Art voice (Ela, Mirna i Mia Molnar) i Dalibor Zavo\u0111aSolo gitara: [&hellip;]\" \/>\n<meta property=\"og:url\" content=\"https:\/\/dario-balekic.com\/index.php\/2021\/01\/08\/premijera-spota-cotyda-ft-branko-ilakovac-mogli-smo-sve\/\" \/>\n<meta property=\"og:site_name\" content=\"Dario Baleki\u0107\" \/>\n<meta property=\"article:publisher\" content=\"https:\/\/hr-hr.facebook.com\/dario.balekic\" \/>\n<meta property=\"article:published_time\" content=\"2021-01-08T18:14:51+00:00\" \/>\n<meta property=\"article:modified_time\" content=\"2021-01-09T16:29:06+00:00\" \/>\n<meta property=\"og:image\" content=\"https:\/\/dario-balekic.com\/wp-content\/uploads\/2021\/01\/Izrezak.jpg\" \/>\n\t<meta property=\"og:image:width\" content=\"1463\" \/>\n\t<meta property=\"og:image:height\" content=\"725\" \/>\n\t<meta property=\"og:image:type\" content=\"image\/jpeg\" \/>\n<meta name=\"twitter:card\" content=\"summary_large_image\" \/>\n<meta name=\"twitter:label1\" content=\"Napisao\/la\" \/>\n\t<meta name=\"twitter:data1\" content=\"admin\" \/>\n\t<meta name=\"twitter:label2\" content=\"Procijenjeno vrijeme \u010ditanja\" \/>\n\t<meta name=\"twitter:data2\" content=\"1 minuta\" \/>\n<script type=\"application\/ld+json\" class=\"yoast-schema-graph\">{\"@context\":\"https:\/\/schema.org\",\"@graph\":[{\"@type\":[\"Person\",\"Organization\"],\"@id\":\"https:\/\/dario-balekic.com\/#\/schema\/person\/fce3faeceac348ebdbcf41c7bab7c738\",\"name\":\"Dario Baleki\\u0107\",\"image\":{\"@type\":\"ImageObject\",\"@id\":\"https:\/\/dario-balekic.com\/#personlogo\",\"inLanguage\":\"hr\",\"url\":\"https:\/\/dario-balekic.com\/wp-content\/uploads\/2020\/12\/Dario-logo1.png\",\"contentUrl\":\"https:\/\/dario-balekic.com\/wp-content\/uploads\/2020\/12\/Dario-logo1.png\",\"width\":550,\"height\":190,\"caption\":\"Dario Baleki\\u0107\"},\"logo\":{\"@id\":\"https:\/\/dario-balekic.com\/#personlogo\"},\"sameAs\":[\"https:\/\/dario-balekic.com\",\"https:\/\/hr-hr.facebook.com\/dario.balekic\"]},{\"@type\":\"WebSite\",\"@id\":\"https:\/\/dario-balekic.com\/#website\",\"url\":\"https:\/\/dario-balekic.com\/\",\"name\":\"Dario Baleki\\u0107\",\"description\":\"\",\"publisher\":{\"@id\":\"https:\/\/dario-balekic.com\/#\/schema\/person\/fce3faeceac348ebdbcf41c7bab7c738\"},\"potentialAction\":[{\"@type\":\"SearchAction\",\"target\":{\"@type\":\"EntryPoint\",\"urlTemplate\":\"https:\/\/dario-balekic.com\/?s={search_term_string}\"},\"query-input\":\"required name=search_term_string\"}],\"inLanguage\":\"hr\"},{\"@type\":\"ImageObject\",\"@id\":\"https:\/\/dario-balekic.com\/index.php\/2021\/01\/08\/premijera-spota-cotyda-ft-branko-ilakovac-mogli-smo-sve\/#primaryimage\",\"inLanguage\":\"hr\",\"url\":\"https:\/\/dario-balekic.com\/wp-content\/uploads\/2021\/01\/Izrezak.jpg\",\"contentUrl\":\"https:\/\/dario-balekic.com\/wp-content\/uploads\/2021\/01\/Izrezak.jpg\",\"width\":1463,\"height\":725},{\"@type\":\"WebPage\",\"@id\":\"https:\/\/dario-balekic.com\/index.php\/2021\/01\/08\/premijera-spota-cotyda-ft-branko-ilakovac-mogli-smo-sve\/#webpage\",\"url\":\"https:\/\/dario-balekic.com\/index.php\/2021\/01\/08\/premijera-spota-cotyda-ft-branko-ilakovac-mogli-smo-sve\/\",\"name\":\"Premijera spota Cotyda ft. Branko Ilakovac - Mogli smo sve - Dario Baleki\\u0107\",\"isPartOf\":{\"@id\":\"https:\/\/dario-balekic.com\/#website\"},\"primaryImageOfPage\":{\"@id\":\"https:\/\/dario-balekic.com\/index.php\/2021\/01\/08\/premijera-spota-cotyda-ft-branko-ilakovac-mogli-smo-sve\/#primaryimage\"},\"datePublished\":\"2021-01-08T18:14:51+00:00\",\"dateModified\":\"2021-01-09T16:29:06+00:00\",\"breadcrumb\":{\"@id\":\"https:\/\/dario-balekic.com\/index.php\/2021\/01\/08\/premijera-spota-cotyda-ft-branko-ilakovac-mogli-smo-sve\/#breadcrumb\"},\"inLanguage\":\"hr\",\"potentialAction\":[{\"@type\":\"ReadAction\",\"target\":[\"https:\/\/dario-balekic.com\/index.php\/2021\/01\/08\/premijera-spota-cotyda-ft-branko-ilakovac-mogli-smo-sve\/\"]}]},{\"@type\":\"BreadcrumbList\",\"@id\":\"https:\/\/dario-balekic.com\/index.php\/2021\/01\/08\/premijera-spota-cotyda-ft-branko-ilakovac-mogli-smo-sve\/#breadcrumb\",\"itemListElement\":[{\"@type\":\"ListItem\",\"position\":1,\"name\":\"Po\\u010detna stranica\",\"item\":\"https:\/\/dario-balekic.com\/\"},{\"@type\":\"ListItem\",\"position\":2,\"name\":\"Premijera spota Cotyda ft. Branko Ilakovac &#8211; Mogli smo sve\"}]},{\"@type\":\"Article\",\"@id\":\"https:\/\/dario-balekic.com\/index.php\/2021\/01\/08\/premijera-spota-cotyda-ft-branko-ilakovac-mogli-smo-sve\/#article\",\"isPartOf\":{\"@id\":\"https:\/\/dario-balekic.com\/index.php\/2021\/01\/08\/premijera-spota-cotyda-ft-branko-ilakovac-mogli-smo-sve\/#webpage\"},\"author\":{\"@id\":\"https:\/\/dario-balekic.com\/#\/schema\/person\/bef59ac6ba4d61836231ab1ad8109169\"},\"headline\":\"Premijera spota Cotyda ft. Branko Ilakovac &#8211; Mogli smo sve\",\"datePublished\":\"2021-01-08T18:14:51+00:00\",\"dateModified\":\"2021-01-09T16:29:06+00:00\",\"mainEntityOfPage\":{\"@id\":\"https:\/\/dario-balekic.com\/index.php\/2021\/01\/08\/premijera-spota-cotyda-ft-branko-ilakovac-mogli-smo-sve\/#webpage\"},\"wordCount\":147,\"commentCount\":0,\"publisher\":{\"@id\":\"https:\/\/dario-balekic.com\/#\/schema\/person\/fce3faeceac348ebdbcf41c7bab7c738\"},\"image\":{\"@id\":\"https:\/\/dario-balekic.com\/index.php\/2021\/01\/08\/premijera-spota-cotyda-ft-branko-ilakovac-mogli-smo-sve\/#primaryimage\"},\"thumbnailUrl\":\"https:\/\/dario-balekic.com\/wp-content\/uploads\/2021\/01\/Izrezak.jpg\",\"articleSection\":[\"Tv program\"],\"inLanguage\":\"hr\",\"potentialAction\":[{\"@type\":\"CommentAction\",\"name\":\"Comment\",\"target\":[\"https:\/\/dario-balekic.com\/index.php\/2021\/01\/08\/premijera-spota-cotyda-ft-branko-ilakovac-mogli-smo-sve\/#respond\"]}]},{\"@type\":\"Person\",\"@id\":\"https:\/\/dario-balekic.com\/#\/schema\/person\/bef59ac6ba4d61836231ab1ad8109169\",\"name\":\"admin\",\"image\":{\"@type\":\"ImageObject\",\"@id\":\"https:\/\/dario-balekic.com\/#personlogo\",\"inLanguage\":\"hr\",\"url\":\"https:\/\/secure.gravatar.com\/avatar\/c2d5f4ba13c594a12ea389142b4c84d4?s=96&d=mm&r=g\",\"contentUrl\":\"https:\/\/secure.gravatar.com\/avatar\/c2d5f4ba13c594a12ea389142b4c84d4?s=96&d=mm&r=g\",\"caption\":\"admin\"},\"sameAs\":[\"https:\/\/dario-balekic.com\"],\"url\":\"https:\/\/dario-balekic.com\/index.php\/author\/admin\/\"}]}<\/script>\n<!-- \/ Yoast SEO plugin. -->","yoast_head_json":{"title":"Premijera spota Cotyda ft. Branko Ilakovac - Mogli smo sve - Dario Baleki\u0107","robots":{"index":"index","follow":"follow","max-snippet":"max-snippet:-1","max-image-preview":"max-image-preview:large","max-video-preview":"max-video-preview:-1"},"canonical":"https:\/\/dario-balekic.com\/index.php\/2021\/01\/08\/premijera-spota-cotyda-ft-branko-ilakovac-mogli-smo-sve\/","og_locale":"hr_HR","og_type":"article","og_title":"Premijera spota Cotyda ft. Branko Ilakovac - Mogli smo sve - Dario Baleki\u0107","og_description":"Ve\u010deras 08.01.2021. premijerno je prikazan spot na CMC tv kanalu i na YouTube kanalu Croatia Records-a. Izvo\u0111enje pjesme &#8220;Mogli smo sve&#8221; iznjedrila je suradnju izme\u0111u benda Cotyda i frontmena Slavonia benda Branka Ilakovca. Glazba: Dario Baleki\u0107 Tekst: Suzana \u0160imunovi\u0107 Aran\u017eman: Dario Baleki\u0107 Prate\u0107i vokali: Art voice (Ela, Mirna i Mia Molnar) i Dalibor Zavo\u0111aSolo gitara: [&hellip;]","og_url":"https:\/\/dario-balekic.com\/index.php\/2021\/01\/08\/premijera-spota-cotyda-ft-branko-ilakovac-mogli-smo-sve\/","og_site_name":"Dario Baleki\u0107","article_publisher":"https:\/\/hr-hr.facebook.com\/dario.balekic","article_published_time":"2021-01-08T18:14:51+00:00","article_modified_time":"2021-01-09T16:29:06+00:00","og_image":[{"width":1463,"height":725,"url":"https:\/\/dario-balekic.com\/wp-content\/uploads\/2021\/01\/Izrezak.jpg","type":"image\/jpeg"}],"twitter_card":"summary_large_image","twitter_misc":{"Napisao\/la":"admin","Procijenjeno vrijeme \u010ditanja":"1 minuta"},"schema":{"@context":"https:\/\/schema.org","@graph":[{"@type":["Person","Organization"],"@id":"https:\/\/dario-balekic.com\/#\/schema\/person\/fce3faeceac348ebdbcf41c7bab7c738","name":"Dario Baleki\u0107","image":{"@type":"ImageObject","@id":"https:\/\/dario-balekic.com\/#personlogo","inLanguage":"hr","url":"https:\/\/dario-balekic.com\/wp-content\/uploads\/2020\/12\/Dario-logo1.png","contentUrl":"https:\/\/dario-balekic.com\/wp-content\/uploads\/2020\/12\/Dario-logo1.png","width":550,"height":190,"caption":"Dario Baleki\u0107"},"logo":{"@id":"https:\/\/dario-balekic.com\/#personlogo"},"sameAs":["https:\/\/dario-balekic.com","https:\/\/hr-hr.facebook.com\/dario.balekic"]},{"@type":"WebSite","@id":"https:\/\/dario-balekic.com\/#website","url":"https:\/\/dario-balekic.com\/","name":"Dario Baleki\u0107","description":"","publisher":{"@id":"https:\/\/dario-balekic.com\/#\/schema\/person\/fce3faeceac348ebdbcf41c7bab7c738"},"potentialAction":[{"@type":"SearchAction","target":{"@type":"EntryPoint","urlTemplate":"https:\/\/dario-balekic.com\/?s={search_term_string}"},"query-input":"required name=search_term_string"}],"inLanguage":"hr"},{"@type":"ImageObject","@id":"https:\/\/dario-balekic.com\/index.php\/2021\/01\/08\/premijera-spota-cotyda-ft-branko-ilakovac-mogli-smo-sve\/#primaryimage","inLanguage":"hr","url":"https:\/\/dario-balekic.com\/wp-content\/uploads\/2021\/01\/Izrezak.jpg","contentUrl":"https:\/\/dario-balekic.com\/wp-content\/uploads\/2021\/01\/Izrezak.jpg","width":1463,"height":725},{"@type":"WebPage","@id":"https:\/\/dario-balekic.com\/index.php\/2021\/01\/08\/premijera-spota-cotyda-ft-branko-ilakovac-mogli-smo-sve\/#webpage","url":"https:\/\/dario-balekic.com\/index.php\/2021\/01\/08\/premijera-spota-cotyda-ft-branko-ilakovac-mogli-smo-sve\/","name":"Premijera spota Cotyda ft. Branko Ilakovac - Mogli smo sve - Dario Baleki\u0107","isPartOf":{"@id":"https:\/\/dario-balekic.com\/#website"},"primaryImageOfPage":{"@id":"https:\/\/dario-balekic.com\/index.php\/2021\/01\/08\/premijera-spota-cotyda-ft-branko-ilakovac-mogli-smo-sve\/#primaryimage"},"datePublished":"2021-01-08T18:14:51+00:00","dateModified":"2021-01-09T16:29:06+00:00","breadcrumb":{"@id":"https:\/\/dario-balekic.com\/index.php\/2021\/01\/08\/premijera-spota-cotyda-ft-branko-ilakovac-mogli-smo-sve\/#breadcrumb"},"inLanguage":"hr","potentialAction":[{"@type":"ReadAction","target":["https:\/\/dario-balekic.com\/index.php\/2021\/01\/08\/premijera-spota-cotyda-ft-branko-ilakovac-mogli-smo-sve\/"]}]},{"@type":"BreadcrumbList","@id":"https:\/\/dario-balekic.com\/index.php\/2021\/01\/08\/premijera-spota-cotyda-ft-branko-ilakovac-mogli-smo-sve\/#breadcrumb","itemListElement":[{"@type":"ListItem","position":1,"name":"Po\u010detna stranica","item":"https:\/\/dario-balekic.com\/"},{"@type":"ListItem","position":2,"name":"Premijera spota Cotyda ft. Branko Ilakovac &#8211; Mogli smo sve"}]},{"@type":"Article","@id":"https:\/\/dario-balekic.com\/index.php\/2021\/01\/08\/premijera-spota-cotyda-ft-branko-ilakovac-mogli-smo-sve\/#article","isPartOf":{"@id":"https:\/\/dario-balekic.com\/index.php\/2021\/01\/08\/premijera-spota-cotyda-ft-branko-ilakovac-mogli-smo-sve\/#webpage"},"author":{"@id":"https:\/\/dario-balekic.com\/#\/schema\/person\/bef59ac6ba4d61836231ab1ad8109169"},"headline":"Premijera spota Cotyda ft. Branko Ilakovac &#8211; Mogli smo sve","datePublished":"2021-01-08T18:14:51+00:00","dateModified":"2021-01-09T16:29:06+00:00","mainEntityOfPage":{"@id":"https:\/\/dario-balekic.com\/index.php\/2021\/01\/08\/premijera-spota-cotyda-ft-branko-ilakovac-mogli-smo-sve\/#webpage"},"wordCount":147,"commentCount":0,"publisher":{"@id":"https:\/\/dario-balekic.com\/#\/schema\/person\/fce3faeceac348ebdbcf41c7bab7c738"},"image":{"@id":"https:\/\/dario-balekic.com\/index.php\/2021\/01\/08\/premijera-spota-cotyda-ft-branko-ilakovac-mogli-smo-sve\/#primaryimage"},"thumbnailUrl":"https:\/\/dario-balekic.com\/wp-content\/uploads\/2021\/01\/Izrezak.jpg","articleSection":["Tv program"],"inLanguage":"hr","potentialAction":[{"@type":"CommentAction","name":"Comment","target":["https:\/\/dario-balekic.com\/index.php\/2021\/01\/08\/premijera-spota-cotyda-ft-branko-ilakovac-mogli-smo-sve\/#respond"]}]},{"@type":"Person","@id":"https:\/\/dario-balekic.com\/#\/schema\/person\/bef59ac6ba4d61836231ab1ad8109169","name":"admin","image":{"@type":"ImageObject","@id":"https:\/\/dario-balekic.com\/#personlogo","inLanguage":"hr","url":"https:\/\/secure.gravatar.com\/avatar\/c2d5f4ba13c594a12ea389142b4c84d4?s=96&d=mm&r=g","contentUrl":"https:\/\/secure.gravatar.com\/avatar\/c2d5f4ba13c594a12ea389142b4c84d4?s=96&d=mm&r=g","caption":"admin"},"sameAs":["https:\/\/dario-balekic.com"],"url":"https:\/\/dario-balekic.com\/index.php\/author\/admin\/"}]}},"_links":{"self":[{"href":"https:\/\/dario-balekic.com\/index.php\/wp-json\/wp\/v2\/posts\/614"}],"collection":[{"href":"https:\/\/dario-balekic.com\/index.php\/wp-json\/wp\/v2\/posts"}],"about":[{"href":"https:\/\/dario-balekic.com\/index.php\/wp-json\/wp\/v2\/types\/post"}],"author":[{"embeddable":true,"href":"https:\/\/dario-balekic.com\/index.php\/wp-json\/wp\/v2\/users\/1"}],"replies":[{"embeddable":true,"href":"https:\/\/dario-balekic.com\/index.php\/wp-json\/wp\/v2\/comments?post=614"}],"version-history":[{"count":7,"href":"https:\/\/dario-balekic.com\/index.php\/wp-json\/wp\/v2\/posts\/614\/revisions"}],"predecessor-version":[{"id":636,"href":"https:\/\/dario-balekic.com\/index.php\/wp-json\/wp\/v2\/posts\/614\/revisions\/636"}],"wp:featuredmedia":[{"embeddable":true,"href":"https:\/\/dario-balekic.com\/index.php\/wp-json\/wp\/v2\/media\/615"}],"wp:attachment":[{"href":"https:\/\/dario-balekic.com\/index.php\/wp-json\/wp\/v2\/media?parent=614"}],"wp:term":[{"taxonomy":"category","embeddable":true,"href":"https:\/\/dario-balekic.com\/index.php\/wp-json\/wp\/v2\/categories?post=614"},{"taxonomy":"post_tag","embeddable":true,"href":"https:\/\/dario-balekic.com\/index.php\/wp-json\/wp\/v2\/tags?post=614"}],"curies":[{"name":"wp","href":"https:\/\/api.w.org\/{rel}","templated":true}]}}