{"id":357,"date":"2015-10-15T19:33:00","date_gmt":"2015-10-15T17:33:00","guid":{"rendered":"https:\/\/dario-balekic.com\/?p=357"},"modified":"2021-01-02T19:39:14","modified_gmt":"2021-01-02T18:39:14","slug":"novi-broj-glasa-koncila","status":"publish","type":"post","link":"https:\/\/dario-balekic.com\/index.php\/2015\/10\/15\/novi-broj-glasa-koncila\/","title":{"rendered":"Novi broj Glasa Koncila"},"content":{"rendered":"\n<p>Novi broj donosi i izvje\u0161taj sa zavr\u0161ne proslave 500. obljetnice ro\u0111enja sv. Terezije Avilske.<\/p>\n\n\n\n<p>Rije\u010d je o sve\u010danoj akademiji gdje je proslavu sveti\u010dinih duhovnih sinova i k\u0107eri svojom nazo\u010dno\u0161\u0107u uzveli\u010dao kardinal Josip Bozani\u0107, te o misi u zagreba\u010dkoj prvostolnici koju je predvodio biskup \u0160a\u0161ko.<\/p>\n\n\n\n<p>Zavr\u0161etak proslave donio je hrvatskoj vjerni\u010dkoj i kulturnoj javnosti dva oboga\u0107enja. Na akademiji su predstavljena kompletna sabrana djela sv. Terezije Avilske, a zbor mladih &#8220;Amadea&#8221; iz \u0110akova premijerno je izveo 20-minutni madrigal posve\u0107en klju\u010dnim vrednotama i trenucima u \u017eivotu sv. Terezije Avilske. Madrigal je komponirao Dario Baleki\u0107.<\/p>\n\n\n\n<p>Detaljnije na : <a rel=\"noreferrer noopener\" href=\"http:\/\/www.ktabkbih.net\/hr\/vijesti\/novi-broj-glasa-koncila-62065\/62065\" data-type=\"URL\" data-id=\"http:\/\/www.ktabkbih.net\/hr\/vijesti\/novi-broj-glasa-koncila-62065\/62065\" target=\"_blank\">http:\/\/www.ktabkbih.net\/hr\/vijesti\/novi-broj-glasa-koncila-62065\/62065<\/a><\/p>\n","protected":false},"excerpt":{"rendered":"<p>Novi broj donosi i izvje\u0161taj sa zavr\u0161ne proslave 500. obljetnice ro\u0111enja sv. Terezije Avilske. Rije\u010d je o sve\u010danoj akademiji gdje je proslavu sveti\u010dinih duhovnih sinova i k\u0107eri svojom nazo\u010dno\u0161\u0107u uzveli\u010dao kardinal Josip Bozani\u0107, te o misi u zagreba\u010dkoj prvostolnici koju je predvodio biskup \u0160a\u0161ko. Zavr\u0161etak proslave donio je hrvatskoj vjerni\u010dkoj i kulturnoj javnosti dva oboga\u0107enja. [&hellip;]<\/p>\n","protected":false},"author":1,"featured_media":358,"comment_status":"open","ping_status":"open","sticky":false,"template":"","format":"standard","meta":{"_et_pb_use_builder":"off","_et_pb_old_content":"","_et_gb_content_width":""},"categories":[8],"tags":[],"yoast_head":"<!-- This site is optimized with the Yoast SEO plugin v17.9 - https:\/\/yoast.com\/wordpress\/plugins\/seo\/ -->\n<title>Novi broj Glasa Koncila - Dario Baleki\u0107<\/title>\n<meta name=\"robots\" content=\"index, follow, max-snippet:-1, max-image-preview:large, max-video-preview:-1\" \/>\n<link rel=\"canonical\" href=\"https:\/\/dario-balekic.com\/index.php\/2015\/10\/15\/novi-broj-glasa-koncila\/\" \/>\n<meta property=\"og:locale\" content=\"hr_HR\" \/>\n<meta property=\"og:type\" content=\"article\" \/>\n<meta property=\"og:title\" content=\"Novi broj Glasa Koncila - Dario Baleki\u0107\" \/>\n<meta property=\"og:description\" content=\"Novi broj donosi i izvje\u0161taj sa zavr\u0161ne proslave 500. obljetnice ro\u0111enja sv. Terezije Avilske. Rije\u010d je o sve\u010danoj akademiji gdje je proslavu sveti\u010dinih duhovnih sinova i k\u0107eri svojom nazo\u010dno\u0161\u0107u uzveli\u010dao kardinal Josip Bozani\u0107, te o misi u zagreba\u010dkoj prvostolnici koju je predvodio biskup \u0160a\u0161ko. Zavr\u0161etak proslave donio je hrvatskoj vjerni\u010dkoj i kulturnoj javnosti dva oboga\u0107enja. [&hellip;]\" \/>\n<meta property=\"og:url\" content=\"https:\/\/dario-balekic.com\/index.php\/2015\/10\/15\/novi-broj-glasa-koncila\/\" \/>\n<meta property=\"og:site_name\" content=\"Dario Baleki\u0107\" \/>\n<meta property=\"article:publisher\" content=\"https:\/\/hr-hr.facebook.com\/dario.balekic\" \/>\n<meta property=\"article:published_time\" content=\"2015-10-15T17:33:00+00:00\" \/>\n<meta property=\"article:modified_time\" content=\"2021-01-02T18:39:14+00:00\" \/>\n<meta property=\"og:image\" content=\"https:\/\/dario-balekic.com\/wp-content\/uploads\/2021\/01\/glas-koncila.jpg\" \/>\n\t<meta property=\"og:image:width\" content=\"516\" \/>\n\t<meta property=\"og:image:height\" content=\"800\" \/>\n\t<meta property=\"og:image:type\" content=\"image\/jpeg\" \/>\n<meta name=\"twitter:card\" content=\"summary_large_image\" \/>\n<meta name=\"twitter:label1\" content=\"Napisao\/la\" \/>\n\t<meta name=\"twitter:data1\" content=\"admin\" \/>\n\t<meta name=\"twitter:label2\" content=\"Procijenjeno vrijeme \u010ditanja\" \/>\n\t<meta name=\"twitter:data2\" content=\"1 minuta\" \/>\n<script type=\"application\/ld+json\" class=\"yoast-schema-graph\">{\"@context\":\"https:\/\/schema.org\",\"@graph\":[{\"@type\":[\"Person\",\"Organization\"],\"@id\":\"https:\/\/dario-balekic.com\/#\/schema\/person\/fce3faeceac348ebdbcf41c7bab7c738\",\"name\":\"Dario Baleki\\u0107\",\"image\":{\"@type\":\"ImageObject\",\"@id\":\"https:\/\/dario-balekic.com\/#personlogo\",\"inLanguage\":\"hr\",\"url\":\"https:\/\/dario-balekic.com\/wp-content\/uploads\/2020\/12\/Dario-logo1.png\",\"contentUrl\":\"https:\/\/dario-balekic.com\/wp-content\/uploads\/2020\/12\/Dario-logo1.png\",\"width\":550,\"height\":190,\"caption\":\"Dario Baleki\\u0107\"},\"logo\":{\"@id\":\"https:\/\/dario-balekic.com\/#personlogo\"},\"sameAs\":[\"https:\/\/dario-balekic.com\",\"https:\/\/hr-hr.facebook.com\/dario.balekic\"]},{\"@type\":\"WebSite\",\"@id\":\"https:\/\/dario-balekic.com\/#website\",\"url\":\"https:\/\/dario-balekic.com\/\",\"name\":\"Dario Baleki\\u0107\",\"description\":\"\",\"publisher\":{\"@id\":\"https:\/\/dario-balekic.com\/#\/schema\/person\/fce3faeceac348ebdbcf41c7bab7c738\"},\"potentialAction\":[{\"@type\":\"SearchAction\",\"target\":{\"@type\":\"EntryPoint\",\"urlTemplate\":\"https:\/\/dario-balekic.com\/?s={search_term_string}\"},\"query-input\":\"required name=search_term_string\"}],\"inLanguage\":\"hr\"},{\"@type\":\"ImageObject\",\"@id\":\"https:\/\/dario-balekic.com\/index.php\/2015\/10\/15\/novi-broj-glasa-koncila\/#primaryimage\",\"inLanguage\":\"hr\",\"url\":\"https:\/\/dario-balekic.com\/wp-content\/uploads\/2021\/01\/glas-koncila.jpg\",\"contentUrl\":\"https:\/\/dario-balekic.com\/wp-content\/uploads\/2021\/01\/glas-koncila.jpg\",\"width\":516,\"height\":800},{\"@type\":\"WebPage\",\"@id\":\"https:\/\/dario-balekic.com\/index.php\/2015\/10\/15\/novi-broj-glasa-koncila\/#webpage\",\"url\":\"https:\/\/dario-balekic.com\/index.php\/2015\/10\/15\/novi-broj-glasa-koncila\/\",\"name\":\"Novi broj Glasa Koncila - Dario Baleki\\u0107\",\"isPartOf\":{\"@id\":\"https:\/\/dario-balekic.com\/#website\"},\"primaryImageOfPage\":{\"@id\":\"https:\/\/dario-balekic.com\/index.php\/2015\/10\/15\/novi-broj-glasa-koncila\/#primaryimage\"},\"datePublished\":\"2015-10-15T17:33:00+00:00\",\"dateModified\":\"2021-01-02T18:39:14+00:00\",\"breadcrumb\":{\"@id\":\"https:\/\/dario-balekic.com\/index.php\/2015\/10\/15\/novi-broj-glasa-koncila\/#breadcrumb\"},\"inLanguage\":\"hr\",\"potentialAction\":[{\"@type\":\"ReadAction\",\"target\":[\"https:\/\/dario-balekic.com\/index.php\/2015\/10\/15\/novi-broj-glasa-koncila\/\"]}]},{\"@type\":\"BreadcrumbList\",\"@id\":\"https:\/\/dario-balekic.com\/index.php\/2015\/10\/15\/novi-broj-glasa-koncila\/#breadcrumb\",\"itemListElement\":[{\"@type\":\"ListItem\",\"position\":1,\"name\":\"Po\\u010detna stranica\",\"item\":\"https:\/\/dario-balekic.com\/\"},{\"@type\":\"ListItem\",\"position\":2,\"name\":\"Novi broj Glasa Koncila\"}]},{\"@type\":\"Article\",\"@id\":\"https:\/\/dario-balekic.com\/index.php\/2015\/10\/15\/novi-broj-glasa-koncila\/#article\",\"isPartOf\":{\"@id\":\"https:\/\/dario-balekic.com\/index.php\/2015\/10\/15\/novi-broj-glasa-koncila\/#webpage\"},\"author\":{\"@id\":\"https:\/\/dario-balekic.com\/#\/schema\/person\/bef59ac6ba4d61836231ab1ad8109169\"},\"headline\":\"Novi broj Glasa Koncila\",\"datePublished\":\"2015-10-15T17:33:00+00:00\",\"dateModified\":\"2021-01-02T18:39:14+00:00\",\"mainEntityOfPage\":{\"@id\":\"https:\/\/dario-balekic.com\/index.php\/2015\/10\/15\/novi-broj-glasa-koncila\/#webpage\"},\"wordCount\":119,\"commentCount\":0,\"publisher\":{\"@id\":\"https:\/\/dario-balekic.com\/#\/schema\/person\/fce3faeceac348ebdbcf41c7bab7c738\"},\"image\":{\"@id\":\"https:\/\/dario-balekic.com\/index.php\/2015\/10\/15\/novi-broj-glasa-koncila\/#primaryimage\"},\"thumbnailUrl\":\"https:\/\/dario-balekic.com\/wp-content\/uploads\/2021\/01\/glas-koncila.jpg\",\"articleSection\":[\"Novinski \\u010dlanci\"],\"inLanguage\":\"hr\",\"potentialAction\":[{\"@type\":\"CommentAction\",\"name\":\"Comment\",\"target\":[\"https:\/\/dario-balekic.com\/index.php\/2015\/10\/15\/novi-broj-glasa-koncila\/#respond\"]}]},{\"@type\":\"Person\",\"@id\":\"https:\/\/dario-balekic.com\/#\/schema\/person\/bef59ac6ba4d61836231ab1ad8109169\",\"name\":\"admin\",\"image\":{\"@type\":\"ImageObject\",\"@id\":\"https:\/\/dario-balekic.com\/#personlogo\",\"inLanguage\":\"hr\",\"url\":\"https:\/\/secure.gravatar.com\/avatar\/c2d5f4ba13c594a12ea389142b4c84d4?s=96&d=mm&r=g\",\"contentUrl\":\"https:\/\/secure.gravatar.com\/avatar\/c2d5f4ba13c594a12ea389142b4c84d4?s=96&d=mm&r=g\",\"caption\":\"admin\"},\"sameAs\":[\"https:\/\/dario-balekic.com\"],\"url\":\"https:\/\/dario-balekic.com\/index.php\/author\/admin\/\"}]}<\/script>\n<!-- \/ Yoast SEO plugin. -->","yoast_head_json":{"title":"Novi broj Glasa Koncila - Dario Baleki\u0107","robots":{"index":"index","follow":"follow","max-snippet":"max-snippet:-1","max-image-preview":"max-image-preview:large","max-video-preview":"max-video-preview:-1"},"canonical":"https:\/\/dario-balekic.com\/index.php\/2015\/10\/15\/novi-broj-glasa-koncila\/","og_locale":"hr_HR","og_type":"article","og_title":"Novi broj Glasa Koncila - Dario Baleki\u0107","og_description":"Novi broj donosi i izvje\u0161taj sa zavr\u0161ne proslave 500. obljetnice ro\u0111enja sv. Terezije Avilske. Rije\u010d je o sve\u010danoj akademiji gdje je proslavu sveti\u010dinih duhovnih sinova i k\u0107eri svojom nazo\u010dno\u0161\u0107u uzveli\u010dao kardinal Josip Bozani\u0107, te o misi u zagreba\u010dkoj prvostolnici koju je predvodio biskup \u0160a\u0161ko. Zavr\u0161etak proslave donio je hrvatskoj vjerni\u010dkoj i kulturnoj javnosti dva oboga\u0107enja. [&hellip;]","og_url":"https:\/\/dario-balekic.com\/index.php\/2015\/10\/15\/novi-broj-glasa-koncila\/","og_site_name":"Dario Baleki\u0107","article_publisher":"https:\/\/hr-hr.facebook.com\/dario.balekic","article_published_time":"2015-10-15T17:33:00+00:00","article_modified_time":"2021-01-02T18:39:14+00:00","og_image":[{"width":516,"height":800,"url":"https:\/\/dario-balekic.com\/wp-content\/uploads\/2021\/01\/glas-koncila.jpg","type":"image\/jpeg"}],"twitter_card":"summary_large_image","twitter_misc":{"Napisao\/la":"admin","Procijenjeno vrijeme \u010ditanja":"1 minuta"},"schema":{"@context":"https:\/\/schema.org","@graph":[{"@type":["Person","Organization"],"@id":"https:\/\/dario-balekic.com\/#\/schema\/person\/fce3faeceac348ebdbcf41c7bab7c738","name":"Dario Baleki\u0107","image":{"@type":"ImageObject","@id":"https:\/\/dario-balekic.com\/#personlogo","inLanguage":"hr","url":"https:\/\/dario-balekic.com\/wp-content\/uploads\/2020\/12\/Dario-logo1.png","contentUrl":"https:\/\/dario-balekic.com\/wp-content\/uploads\/2020\/12\/Dario-logo1.png","width":550,"height":190,"caption":"Dario Baleki\u0107"},"logo":{"@id":"https:\/\/dario-balekic.com\/#personlogo"},"sameAs":["https:\/\/dario-balekic.com","https:\/\/hr-hr.facebook.com\/dario.balekic"]},{"@type":"WebSite","@id":"https:\/\/dario-balekic.com\/#website","url":"https:\/\/dario-balekic.com\/","name":"Dario Baleki\u0107","description":"","publisher":{"@id":"https:\/\/dario-balekic.com\/#\/schema\/person\/fce3faeceac348ebdbcf41c7bab7c738"},"potentialAction":[{"@type":"SearchAction","target":{"@type":"EntryPoint","urlTemplate":"https:\/\/dario-balekic.com\/?s={search_term_string}"},"query-input":"required name=search_term_string"}],"inLanguage":"hr"},{"@type":"ImageObject","@id":"https:\/\/dario-balekic.com\/index.php\/2015\/10\/15\/novi-broj-glasa-koncila\/#primaryimage","inLanguage":"hr","url":"https:\/\/dario-balekic.com\/wp-content\/uploads\/2021\/01\/glas-koncila.jpg","contentUrl":"https:\/\/dario-balekic.com\/wp-content\/uploads\/2021\/01\/glas-koncila.jpg","width":516,"height":800},{"@type":"WebPage","@id":"https:\/\/dario-balekic.com\/index.php\/2015\/10\/15\/novi-broj-glasa-koncila\/#webpage","url":"https:\/\/dario-balekic.com\/index.php\/2015\/10\/15\/novi-broj-glasa-koncila\/","name":"Novi broj Glasa Koncila - Dario Baleki\u0107","isPartOf":{"@id":"https:\/\/dario-balekic.com\/#website"},"primaryImageOfPage":{"@id":"https:\/\/dario-balekic.com\/index.php\/2015\/10\/15\/novi-broj-glasa-koncila\/#primaryimage"},"datePublished":"2015-10-15T17:33:00+00:00","dateModified":"2021-01-02T18:39:14+00:00","breadcrumb":{"@id":"https:\/\/dario-balekic.com\/index.php\/2015\/10\/15\/novi-broj-glasa-koncila\/#breadcrumb"},"inLanguage":"hr","potentialAction":[{"@type":"ReadAction","target":["https:\/\/dario-balekic.com\/index.php\/2015\/10\/15\/novi-broj-glasa-koncila\/"]}]},{"@type":"BreadcrumbList","@id":"https:\/\/dario-balekic.com\/index.php\/2015\/10\/15\/novi-broj-glasa-koncila\/#breadcrumb","itemListElement":[{"@type":"ListItem","position":1,"name":"Po\u010detna stranica","item":"https:\/\/dario-balekic.com\/"},{"@type":"ListItem","position":2,"name":"Novi broj Glasa Koncila"}]},{"@type":"Article","@id":"https:\/\/dario-balekic.com\/index.php\/2015\/10\/15\/novi-broj-glasa-koncila\/#article","isPartOf":{"@id":"https:\/\/dario-balekic.com\/index.php\/2015\/10\/15\/novi-broj-glasa-koncila\/#webpage"},"author":{"@id":"https:\/\/dario-balekic.com\/#\/schema\/person\/bef59ac6ba4d61836231ab1ad8109169"},"headline":"Novi broj Glasa Koncila","datePublished":"2015-10-15T17:33:00+00:00","dateModified":"2021-01-02T18:39:14+00:00","mainEntityOfPage":{"@id":"https:\/\/dario-balekic.com\/index.php\/2015\/10\/15\/novi-broj-glasa-koncila\/#webpage"},"wordCount":119,"commentCount":0,"publisher":{"@id":"https:\/\/dario-balekic.com\/#\/schema\/person\/fce3faeceac348ebdbcf41c7bab7c738"},"image":{"@id":"https:\/\/dario-balekic.com\/index.php\/2015\/10\/15\/novi-broj-glasa-koncila\/#primaryimage"},"thumbnailUrl":"https:\/\/dario-balekic.com\/wp-content\/uploads\/2021\/01\/glas-koncila.jpg","articleSection":["Novinski \u010dlanci"],"inLanguage":"hr","potentialAction":[{"@type":"CommentAction","name":"Comment","target":["https:\/\/dario-balekic.com\/index.php\/2015\/10\/15\/novi-broj-glasa-koncila\/#respond"]}]},{"@type":"Person","@id":"https:\/\/dario-balekic.com\/#\/schema\/person\/bef59ac6ba4d61836231ab1ad8109169","name":"admin","image":{"@type":"ImageObject","@id":"https:\/\/dario-balekic.com\/#personlogo","inLanguage":"hr","url":"https:\/\/secure.gravatar.com\/avatar\/c2d5f4ba13c594a12ea389142b4c84d4?s=96&d=mm&r=g","contentUrl":"https:\/\/secure.gravatar.com\/avatar\/c2d5f4ba13c594a12ea389142b4c84d4?s=96&d=mm&r=g","caption":"admin"},"sameAs":["https:\/\/dario-balekic.com"],"url":"https:\/\/dario-balekic.com\/index.php\/author\/admin\/"}]}},"_links":{"self":[{"href":"https:\/\/dario-balekic.com\/index.php\/wp-json\/wp\/v2\/posts\/357"}],"collection":[{"href":"https:\/\/dario-balekic.com\/index.php\/wp-json\/wp\/v2\/posts"}],"about":[{"href":"https:\/\/dario-balekic.com\/index.php\/wp-json\/wp\/v2\/types\/post"}],"author":[{"embeddable":true,"href":"https:\/\/dario-balekic.com\/index.php\/wp-json\/wp\/v2\/users\/1"}],"replies":[{"embeddable":true,"href":"https:\/\/dario-balekic.com\/index.php\/wp-json\/wp\/v2\/comments?post=357"}],"version-history":[{"count":1,"href":"https:\/\/dario-balekic.com\/index.php\/wp-json\/wp\/v2\/posts\/357\/revisions"}],"predecessor-version":[{"id":359,"href":"https:\/\/dario-balekic.com\/index.php\/wp-json\/wp\/v2\/posts\/357\/revisions\/359"}],"wp:featuredmedia":[{"embeddable":true,"href":"https:\/\/dario-balekic.com\/index.php\/wp-json\/wp\/v2\/media\/358"}],"wp:attachment":[{"href":"https:\/\/dario-balekic.com\/index.php\/wp-json\/wp\/v2\/media?parent=357"}],"wp:term":[{"taxonomy":"category","embeddable":true,"href":"https:\/\/dario-balekic.com\/index.php\/wp-json\/wp\/v2\/categories?post=357"},{"taxonomy":"post_tag","embeddable":true,"href":"https:\/\/dario-balekic.com\/index.php\/wp-json\/wp\/v2\/tags?post=357"}],"curies":[{"name":"wp","href":"https:\/\/api.w.org\/{rel}","templated":true}]}}